{"id":1038,"date":"2020-02-05T10:50:19","date_gmt":"2020-02-05T09:50:19","guid":{"rendered":"http:\/\/www.obf.edu.pl\/?p=1038"},"modified":"2020-03-01T10:58:02","modified_gmt":"2020-03-01T09:58:02","slug":"laboratory-of-dance-dance-as-a-vantage-point","status":"publish","type":"post","link":"http:\/\/obf.edu.pl\/en\/laboratory-of-dance-dance-as-a-vantage-point\/","title":{"rendered":"Laboratory of Dance \/ Dance as a Vantage Point"},"content":{"rendered":"<p><a href=\"https:\/\/sites.google.com\/view\/labofdance\"><img loading=\"lazy\" class=\"alignnone size-full wp-image-1039\" src=\"https:\/\/i2.wp.com\/obf.edu.pl\/wp-content\/uploads\/2020\/02\/labofdance-net.jpg?resize=640%2C190\" alt=\"labofdance-net\" width=\"640\" height=\"190\" srcset=\"https:\/\/i2.wp.com\/obf.edu.pl\/wp-content\/uploads\/2020\/02\/labofdance-net.jpg?w=1904 1904w, https:\/\/i2.wp.com\/obf.edu.pl\/wp-content\/uploads\/2020\/02\/labofdance-net.jpg?resize=300%2C89 300w, https:\/\/i2.wp.com\/obf.edu.pl\/wp-content\/uploads\/2020\/02\/labofdance-net.jpg?resize=1024%2C304 1024w, https:\/\/i2.wp.com\/obf.edu.pl\/wp-content\/uploads\/2020\/02\/labofdance-net.jpg?resize=290%2C86 290w, https:\/\/i2.wp.com\/obf.edu.pl\/wp-content\/uploads\/2020\/02\/labofdance-net.jpg?resize=1536%2C457 1536w, https:\/\/i2.wp.com\/obf.edu.pl\/wp-content\/uploads\/2020\/02\/labofdance-net.jpg?w=1280 1280w\" sizes=\"(max-width: 640px) 100vw, 640px\" data-recalc-dims=\"1\" \/><\/a><\/p>\n<p><span style=\"color: #333333;\"><strong>Interdisciplinary Symposium, July 1-3, 2020, \u0141\u00f3d\u017a, Poland<\/strong><\/span><\/p>\n<p style=\"text-align: justify;\"><em>Lab of Dance<\/em> aims to build an exchange platform covering contemporary research strategies in dance studies, including, among others, emergent artistic research practices, as well as tool-disciplined cognitive science methodologies, both vividly drawing on a variety of theoretical and philosophical contexts. On such ground, together with the invited keynote speakers and participants of the symposium, we plan to discuss the methodological difficulties and challenges of interdisciplinary dance research and the benefits that can be derived from overcoming them. At the same time, we recognize the expansion of dance and related terms to other branches of knowledge, where it appears as the preferred research material, but also a source of functional concepts and metaphors. Thus, we invite researchers, philosophers and practitioners to jointly study the expanding space of the dance laboratory.<\/p>\n<p><strong>Invited Speakers<\/strong><br \/>\nScott Delahunta (Coventry University)<br \/>\nPil Hansen (University of Calgary)<br \/>\nAgnieszka Jelewska (University of Adam Mickiewicz)<br \/>\nRudi Laermans (KU Leuven)<\/p>\n<p><strong>Timeline<\/strong><br \/>\nMarch 25, 2020 \u2013 Extended submission deadline<br \/>\nApril 4, 2020 \u2013 Notification of accepted presentation proposals<br \/>\nApril 4, 2020 \u2013 Registration opens<br \/>\nMay 31, 2020 &#8211; Registration fee<br \/>\nJuly 1, 2020 \u2013 Conference opening<\/p>\n<p><strong>Organizers<\/strong><br \/>\nCentre for Philosophical Research<br \/>\nFaculty of Philology, University of \u0141\u00f3d\u017a<br \/>\nAcademy of Music in \u0141\u00f3d\u017a<br \/>\nInstitute of Music and Dance<br \/>\nPolish Association of Creative Strategies<\/p>\n<p>The symsposium is funded by the Polish Ministry of Science and Higher Education from the funds for the dissemination of research (DUN), contract no. 818\/P-DUN\/2019.<\/p>\n<p><img loading=\"lazy\" class=\"alignnone  wp-image-1040\" src=\"https:\/\/i1.wp.com\/obf.edu.pl\/wp-content\/uploads\/2020\/02\/mnisw.jpg?resize=221%2C47\" alt=\"mnisw\" width=\"221\" height=\"47\" srcset=\"https:\/\/i1.wp.com\/obf.edu.pl\/wp-content\/uploads\/2020\/02\/mnisw.jpg?w=931 931w, https:\/\/i1.wp.com\/obf.edu.pl\/wp-content\/uploads\/2020\/02\/mnisw.jpg?resize=300%2C64 300w, https:\/\/i1.wp.com\/obf.edu.pl\/wp-content\/uploads\/2020\/02\/mnisw.jpg?resize=290%2C62 290w\" sizes=\"(max-width: 221px) 100vw, 221px\" data-recalc-dims=\"1\" \/><\/p>\n<p><strong>The symposium website:<\/strong> <a href=\"https:\/\/sites.google.com\/view\/labofdance\">https:\/\/sites.google.com\/view\/labofdance<\/a><\/p>\n<hr \/>\n<p>&nbsp;<\/p>\n","protected":false},"excerpt":{"rendered":"excerpt","protected":false},"author":4,"featured_media":0,"comment_status":"open","ping_status":"open","sticky":false,"template":"","format":"standard","meta":{"episode_type":"","audio_file":"","cover_image":"","cover_image_id":"","duration":"","filesize":"","date_recorded":"","explicit":"","block":"","filesize_raw":"","spay_email":"","jetpack_publicize_message":"","jetpack_is_tweetstorm":false,"jetpack_publicize_feature_enabled":true},"categories":[16,34],"tags":[],"aioseo_notices":[],"jetpack_featured_media_url":"","jetpack_publicize_connections":[],"jetpack_sharing_enabled":true,"jetpack_shortlink":"https:\/\/wp.me\/p5jayp-gK","jetpack-related-posts":[{"id":341,"url":"http:\/\/obf.edu.pl\/en\/sympozjum-avant-laboratorium-wiosny\/","url_meta":{"origin":1038,"position":0},"title":"Avant Symposium &#8211; A Laboratory of Spring","date":"23 February 2014","format":false,"excerpt":"Serdecznie zapraszamy do udzia\u0142u w interdyscyplinarnym sympozjum LABORATORIUM WIOSNY (27-28 IX 2014, Toru\u0144), po\u015bwi\u0119conym badaniom nad wsp\u00f3\u0142czesn\u0105 muzyk\u0105 i ta\u0144cem w epoce zapocz\u0105tkowanej przez \u015awi\u0119to wiosny Igora Strawi\u0144skiego. \u00a0 Dziedziny:\u00a0muzykologia; badania nad choreografi\u0105 i ta\u0144cem; historia muzyki wsp\u00f3\u0142czesnej; filozofia muzyki; psychologia muzyki; kognitywistyka muzyki; socjologia muzyki; etnomuzykologia; inne powi\u0105zane. \u00a0\u2026","rel":"","context":"In &quot;Aktualno\u015bci&quot;","img":{"alt_text":"LAB_graf06.png","src":"https:\/\/i0.wp.com\/obf.edu.pl\/wp-content\/uploads\/2014\/02\/LAB_graf06.png?fit=945%2C1082&resize=350%2C200","width":350,"height":200},"classes":[]},{"id":831,"url":"http:\/\/obf.edu.pl\/en\/english-mechanistic-integration-and-unification-in-cognitive-science\/","url_meta":{"origin":1038,"position":1},"title":"Mechanistic Integration and Unification in Cognitive Science","date":"24 May 2016","format":false,"excerpt":"Warsaw, June 23-26, 2016 The aim of the workshop is to discuss the recent work on mechanistic explanation, with special stress on particular problems of integration of multiple mechanistic models, robustness, and unification of partial explanations, theories and fields. There is a growing consensus that cognitive science and cognitive neuroscience\u2026","rel":"","context":"In &quot;Aktualno\u015bci&quot;","img":{"alt_text":"","src":"https:\/\/i2.wp.com\/obf.edu.pl\/wp-content\/uploads\/2016\/05\/cognitive_web-300x202.jpg?resize=350%2C200","width":350,"height":200},"classes":[]},{"id":1025,"url":"http:\/\/obf.edu.pl\/en\/history-and-philosophy-of-madness-avant-111-2\/","url_meta":{"origin":1038,"position":2},"title":"10th anniversary of Avant. Symposium","date":"5 February 2020","format":false,"excerpt":"We are pleased to invite you to participate in the symposium organized on the occasion of the 10th anniversary of the Avant Project that will be held on May 22-23, 2020, in Toru\u0144, Poland. Other important dates: April 15, 2020 \u2013 submission deadline April 20, 2020 \u2013 notification of accepted\u2026","rel":"","context":"In &quot;Aktualno\u015bci&quot;","img":{"alt_text":"","src":"https:\/\/i1.wp.com\/obf.edu.pl\/wp-content\/uploads\/2020\/02\/10avant-net.jpg?resize=350%2C200","width":350,"height":200},"classes":[]},{"id":334,"url":"http:\/\/obf.edu.pl\/en\/cognitive-science-of-science-kazimierz-naturalist-workshop-2014\/","url_meta":{"origin":1038,"position":3},"title":"Cognitive Science of Science: Kazimierz Naturalist Workshop 2014","date":"27 September 2011","format":false,"excerpt":"Kazimierz Dolny, Poland - August, 18th to 22nd, 2014 \u00a0 Invited key-speakers Paul Thagard\u00a0(Waterloo) Cristine Legare\u00a0(Texas at Austin) Hugo Mercier\u00a0(Neuch\u00e2tel) Call for papers Science is usually considered the paradigm of knowledge. Naturally, it has long been the subject of philosophical inquiry. Having moved away from abstract consideration of the epistemic\u2026","rel":"","context":"In &quot;KNEW 2014&quot;","img":{"alt_text":"","src":"https:\/\/i2.wp.com\/obf.edu.pl\/wp-content\/uploads\/2011\/09\/knew2014_a0_call4papers2_001-e1412072726455.jpg?fit=600%2C848&resize=350%2C200","width":350,"height":200},"classes":[]},{"id":249,"url":"http:\/\/obf.edu.pl\/en\/kazimierz-naturalism-workshop-08\/","url_meta":{"origin":1038,"position":4},"title":"Kazimierz Naturalism Workshop 08","date":"17 February 2008","format":false,"excerpt":"KAZIMIERZ NATURALISM WORKSHOP 2008 September 6th - 10th 2008 Kazimierz Dolny, Poland \u00a0 Invited key speakers Susan Stuart (University of Glasgow, UK) David Papineau (King's College London, UK) Susan Haack (University of Miami, USA) Peter G\u00e4rdenfors (Lund University, Sweden) Ingo Brigandt (University of Alberta, Canada) Naturalism is currently the most\u2026","rel":"","context":"In &quot;Previous KNEWs&quot;","img":{"alt_text":"","src":"","width":0,"height":0},"classes":[]},{"id":330,"url":"http:\/\/obf.edu.pl\/en\/thinking-with-hands-eyes-and-things\/","url_meta":{"origin":1038,"position":5},"title":"Thinking with hands, eyes and things","date":"9 August 2013","format":false,"excerpt":"\u00a0 Wszystkich zainteresowanych zapraszamy do udzia\u0142u w mi\u0119dzynarodowej konferencji New Trends in Interdisciplinary Studies \"Thinking with Hands, Eyes and Things\", kt\u00f3ra odb\u0119dzie si\u0119 7 - 10 listopada 2013 r. w Toruniu. B\u0119dzie ona po\u015bwi\u0119cona podej\u015bciom teoretycznym podkre\u015blaj\u0105cym rol\u0119, jak\u0105 rozmaite czynniki zewn\u0119trzne odgrywaj\u0105 w procesach poznawczych. Mowa tu o koncepcjach\u2026","rel":"","context":"In &quot;Aktualno\u015bci&quot;","img":{"alt_text":"","src":"https:\/\/i0.wp.com\/obf.edu.pl\/wp-content\/uploads\/2013\/08\/PosterTrends2013Small.JPG?resize=350%2C200","width":350,"height":200},"classes":[]}],"_links":{"self":[{"href":"http:\/\/obf.edu.pl\/en\/wp-json\/wp\/v2\/posts\/1038"}],"collection":[{"href":"http:\/\/obf.edu.pl\/en\/wp-json\/wp\/v2\/posts"}],"about":[{"href":"http:\/\/obf.edu.pl\/en\/wp-json\/wp\/v2\/types\/post"}],"author":[{"embeddable":true,"href":"http:\/\/obf.edu.pl\/en\/wp-json\/wp\/v2\/users\/4"}],"replies":[{"embeddable":true,"href":"http:\/\/obf.edu.pl\/en\/wp-json\/wp\/v2\/comments?post=1038"}],"version-history":[{"count":6,"href":"http:\/\/obf.edu.pl\/en\/wp-json\/wp\/v2\/posts\/1038\/revisions"}],"predecessor-version":[{"id":1061,"href":"http:\/\/obf.edu.pl\/en\/wp-json\/wp\/v2\/posts\/1038\/revisions\/1061"}],"wp:attachment":[{"href":"http:\/\/obf.edu.pl\/en\/wp-json\/wp\/v2\/media?parent=1038"}],"wp:term":[{"taxonomy":"category","embeddable":true,"href":"http:\/\/obf.edu.pl\/en\/wp-json\/wp\/v2\/categories?post=1038"},{"taxonomy":"post_tag","embeddable":true,"href":"http:\/\/obf.edu.pl\/en\/wp-json\/wp\/v2\/tags?post=1038"}],"curies":[{"name":"wp","href":"https:\/\/api.w.org\/{rel}","templated":true}]}}